{"id":5816,"date":"2025-08-16T11:08:56","date_gmt":"2025-08-16T09:08:56","guid":{"rendered":"https:\/\/fematel.com\/web\/?p=5816"},"modified":"2025-08-16T11:08:56","modified_gmt":"2025-08-16T09:08:56","slug":"precio-electricidad-subio-en-julio","status":"publish","type":"post","link":"https:\/\/fematel.com\/web\/precio-electricidad-subio-en-julio\/","title":{"rendered":"Precio electricidad subi\u00f3 en julio"},"content":{"rendered":"<p>\u00bfSab\u00edas que el precio de la electricidad subi\u00f3 en julio un 17,3% en Espa\u00f1a? Esto ha hecho que se elevara la inflaci\u00f3n general al 2,7%. Ante las subidas de precio, los hogares espa\u00f1oles pueden pensar en medidas personalizadas de ahorro como buenos h\u00e1bitos de consumo y controlar si sus instalaciones el\u00e9ctricas est\u00e1n perfectas, puede ser que sea momento de pensar en un arreglo o reforma de la instalaci\u00f3n.<\/p>\n<p><img loading=\"lazy\" decoding=\"async\" class=\"alignnone size-medium wp-image-5817\" src=\"https:\/\/fematel.com\/web\/wp-content\/uploads\/persona-cogiendo-bombilla-300x169.jpg\" alt=\"\" width=\"300\" height=\"169\" srcset=\"https:\/\/fematel.com\/web\/wp-content\/uploads\/persona-cogiendo-bombilla-300x169.jpg 300w, https:\/\/fematel.com\/web\/wp-content\/uploads\/persona-cogiendo-bombilla-1030x579.jpg 1030w, https:\/\/fematel.com\/web\/wp-content\/uploads\/persona-cogiendo-bombilla-768x432.jpg 768w, https:\/\/fematel.com\/web\/wp-content\/uploads\/persona-cogiendo-bombilla-1536x864.jpg 1536w, https:\/\/fematel.com\/web\/wp-content\/uploads\/persona-cogiendo-bombilla-64x36.jpg 64w, https:\/\/fematel.com\/web\/wp-content\/uploads\/persona-cogiendo-bombilla-1200x675.jpg 1200w, https:\/\/fematel.com\/web\/wp-content\/uploads\/persona-cogiendo-bombilla.jpg 1600w\" sizes=\"auto, (max-width: 300px) 100vw, 300px\" \/><\/p>\n","protected":false},"excerpt":{"rendered":"<p>\u00bfSab\u00edas que el precio de la electricidad subi\u00f3 en julio un 17,3% en Espa\u00f1a? Esto ha hecho que se elevara la inflaci\u00f3n general al 2,7%. Ante las subidas de precio, los hogares espa\u00f1oles pueden pensar en medidas personalizadas de ahorro como buenos h\u00e1bitos de consumo&#8230;<\/p>\n","protected":false},"author":5,"featured_media":0,"comment_status":"closed","ping_status":"closed","sticky":false,"template":"","format":"standard","meta":{"_acf_changed":false,"footnotes":""},"categories":[120],"tags":[],"class_list":["post-5816","post","type-post","status-publish","format-standard","hentry","category-noticias-fematel"],"acf":[],"_links":{"self":[{"href":"https:\/\/fematel.com\/web\/wp-json\/wp\/v2\/posts\/5816","targetHints":{"allow":["GET"]}}],"collection":[{"href":"https:\/\/fematel.com\/web\/wp-json\/wp\/v2\/posts"}],"about":[{"href":"https:\/\/fematel.com\/web\/wp-json\/wp\/v2\/types\/post"}],"author":[{"embeddable":true,"href":"https:\/\/fematel.com\/web\/wp-json\/wp\/v2\/users\/5"}],"replies":[{"embeddable":true,"href":"https:\/\/fematel.com\/web\/wp-json\/wp\/v2\/comments?post=5816"}],"version-history":[{"count":2,"href":"https:\/\/fematel.com\/web\/wp-json\/wp\/v2\/posts\/5816\/revisions"}],"predecessor-version":[{"id":5819,"href":"https:\/\/fematel.com\/web\/wp-json\/wp\/v2\/posts\/5816\/revisions\/5819"}],"wp:attachment":[{"href":"https:\/\/fematel.com\/web\/wp-json\/wp\/v2\/media?parent=5816"}],"wp:term":[{"taxonomy":"category","embeddable":true,"href":"https:\/\/fematel.com\/web\/wp-json\/wp\/v2\/categories?post=5816"},{"taxonomy":"post_tag","embeddable":true,"href":"https:\/\/fematel.com\/web\/wp-json\/wp\/v2\/tags?post=5816"}],"curies":[{"name":"wp","href":"https:\/\/api.w.org\/{rel}","templated":true}]}}