{"id":5794,"date":"2025-07-30T14:30:13","date_gmt":"2025-07-30T12:30:13","guid":{"rendered":"https:\/\/fematel.com\/web\/?p=5794"},"modified":"2025-07-30T14:30:13","modified_gmt":"2025-07-30T12:30:13","slug":"decreto-con-medidas-para-reforzar-el-sistema-electrico","status":"publish","type":"post","link":"https:\/\/fematel.com\/web\/decreto-con-medidas-para-reforzar-el-sistema-electrico\/","title":{"rendered":"Decreto con medidas para reforzar el sistema el\u00e9ctrico"},"content":{"rendered":"<p><span data-offset-key=\"8fdu8-0-0\">El gobierno aprueba tramitar un decreto con medidas para reforzar el sistema el\u00e9ctrico despu\u00e9s de lo sucedido con el apag\u00f3n general, pero adem\u00e1s de eso es importante tambi\u00e9n contar con una buena instalaci\u00f3n en el hogar con material el\u00e9ctrico de confianza como los que tenemos en Fematel. Si te interesa, puedes conocer m\u00e1s sobre este tema en el <a href=\"https:\/\/www.boe.es\/buscar\/act.php?id=BOE-A-2025-12857\" target=\"_blank\" rel=\"noopener\">Real Decreto-ley 7\/2025, de 24 de junio<\/a> con sus actualizaciones en el BOE.<\/span><\/p>\n<p><img loading=\"lazy\" decoding=\"async\" class=\"size-medium wp-image-5795 aligncenter\" src=\"https:\/\/fematel.com\/web\/wp-content\/uploads\/sistema-electrico-300x251.jpg\" alt=\"\" width=\"300\" height=\"251\" srcset=\"https:\/\/fematel.com\/web\/wp-content\/uploads\/sistema-electrico-300x251.jpg 300w, https:\/\/fematel.com\/web\/wp-content\/uploads\/sistema-electrico-768x644.jpg 768w, https:\/\/fematel.com\/web\/wp-content\/uploads\/sistema-electrico-64x54.jpg 64w, https:\/\/fematel.com\/web\/wp-content\/uploads\/sistema-electrico.jpg 940w\" sizes=\"auto, (max-width: 300px) 100vw, 300px\" \/><\/p>\n","protected":false},"excerpt":{"rendered":"<p>El gobierno aprueba tramitar un decreto con medidas para reforzar el sistema el\u00e9ctrico despu\u00e9s de lo sucedido con el apag\u00f3n general, pero adem\u00e1s de eso es importante tambi\u00e9n contar con una buena instalaci\u00f3n en el hogar con material el\u00e9ctrico de confianza como los que tenemos&#8230;<\/p>\n","protected":false},"author":5,"featured_media":0,"comment_status":"closed","ping_status":"closed","sticky":false,"template":"","format":"standard","meta":{"_acf_changed":false,"footnotes":""},"categories":[120],"tags":[],"class_list":["post-5794","post","type-post","status-publish","format-standard","hentry","category-noticias-fematel"],"acf":[],"_links":{"self":[{"href":"https:\/\/fematel.com\/web\/wp-json\/wp\/v2\/posts\/5794","targetHints":{"allow":["GET"]}}],"collection":[{"href":"https:\/\/fematel.com\/web\/wp-json\/wp\/v2\/posts"}],"about":[{"href":"https:\/\/fematel.com\/web\/wp-json\/wp\/v2\/types\/post"}],"author":[{"embeddable":true,"href":"https:\/\/fematel.com\/web\/wp-json\/wp\/v2\/users\/5"}],"replies":[{"embeddable":true,"href":"https:\/\/fematel.com\/web\/wp-json\/wp\/v2\/comments?post=5794"}],"version-history":[{"count":2,"href":"https:\/\/fematel.com\/web\/wp-json\/wp\/v2\/posts\/5794\/revisions"}],"predecessor-version":[{"id":5797,"href":"https:\/\/fematel.com\/web\/wp-json\/wp\/v2\/posts\/5794\/revisions\/5797"}],"wp:attachment":[{"href":"https:\/\/fematel.com\/web\/wp-json\/wp\/v2\/media?parent=5794"}],"wp:term":[{"taxonomy":"category","embeddable":true,"href":"https:\/\/fematel.com\/web\/wp-json\/wp\/v2\/categories?post=5794"},{"taxonomy":"post_tag","embeddable":true,"href":"https:\/\/fematel.com\/web\/wp-json\/wp\/v2\/tags?post=5794"}],"curies":[{"name":"wp","href":"https:\/\/api.w.org\/{rel}","templated":true}]}}