{"id":5766,"date":"2025-06-21T11:02:26","date_gmt":"2025-06-21T09:02:26","guid":{"rendered":"https:\/\/fematel.com\/web\/?p=5766"},"modified":"2025-06-21T11:02:55","modified_gmt":"2025-06-21T09:02:55","slug":"cuadros-de-distribucion-movil-2","status":"publish","type":"post","link":"https:\/\/fematel.com\/web\/cuadros-de-distribucion-movil-2\/","title":{"rendered":"Cuadros de distribuci\u00f3n m\u00f3vil en verano"},"content":{"rendered":"<p>Los cuadros de distribuci\u00f3n m\u00f3vil son esenciales este verano para conciertos, festivales, rodajes de televisi\u00f3n, incluso en la construcci\u00f3n o en casos de cortes de energ\u00eda. Por eso, los tenemos con montaje a medida. \u00a1Cons\u00faltanos!<\/p>\n<p><img loading=\"lazy\" decoding=\"async\" class=\"alignnone size-medium wp-image-5767\" src=\"https:\/\/fematel.com\/web\/wp-content\/uploads\/cuadro-distribucion-movil-fematel-300x251.png\" alt=\"cuadro distribucion movil\" width=\"300\" height=\"251\" srcset=\"https:\/\/fematel.com\/web\/wp-content\/uploads\/cuadro-distribucion-movil-fematel-300x251.png 300w, https:\/\/fematel.com\/web\/wp-content\/uploads\/cuadro-distribucion-movil-fematel-768x644.png 768w, https:\/\/fematel.com\/web\/wp-content\/uploads\/cuadro-distribucion-movil-fematel-64x54.png 64w, https:\/\/fematel.com\/web\/wp-content\/uploads\/cuadro-distribucion-movil-fematel.png 940w\" sizes=\"auto, (max-width: 300px) 100vw, 300px\" \/><\/p>\n","protected":false},"excerpt":{"rendered":"<p>Los cuadros de distribuci\u00f3n m\u00f3vil son esenciales este verano para conciertos, festivales, rodajes de televisi\u00f3n, incluso en la construcci\u00f3n o en casos de cortes de energ\u00eda. Por eso, los tenemos con montaje a medida. \u00a1Cons\u00faltanos!<\/p>\n","protected":false},"author":5,"featured_media":0,"comment_status":"closed","ping_status":"closed","sticky":false,"template":"","format":"standard","meta":{"_acf_changed":false,"footnotes":""},"categories":[119],"tags":[],"class_list":["post-5766","post","type-post","status-publish","format-standard","hentry","category-productos-tienda"],"acf":[],"_links":{"self":[{"href":"https:\/\/fematel.com\/web\/wp-json\/wp\/v2\/posts\/5766","targetHints":{"allow":["GET"]}}],"collection":[{"href":"https:\/\/fematel.com\/web\/wp-json\/wp\/v2\/posts"}],"about":[{"href":"https:\/\/fematel.com\/web\/wp-json\/wp\/v2\/types\/post"}],"author":[{"embeddable":true,"href":"https:\/\/fematel.com\/web\/wp-json\/wp\/v2\/users\/5"}],"replies":[{"embeddable":true,"href":"https:\/\/fematel.com\/web\/wp-json\/wp\/v2\/comments?post=5766"}],"version-history":[{"count":2,"href":"https:\/\/fematel.com\/web\/wp-json\/wp\/v2\/posts\/5766\/revisions"}],"predecessor-version":[{"id":5769,"href":"https:\/\/fematel.com\/web\/wp-json\/wp\/v2\/posts\/5766\/revisions\/5769"}],"wp:attachment":[{"href":"https:\/\/fematel.com\/web\/wp-json\/wp\/v2\/media?parent=5766"}],"wp:term":[{"taxonomy":"category","embeddable":true,"href":"https:\/\/fematel.com\/web\/wp-json\/wp\/v2\/categories?post=5766"},{"taxonomy":"post_tag","embeddable":true,"href":"https:\/\/fematel.com\/web\/wp-json\/wp\/v2\/tags?post=5766"}],"curies":[{"name":"wp","href":"https:\/\/api.w.org\/{rel}","templated":true}]}}