{"id":5750,"date":"2025-06-03T14:07:59","date_gmt":"2025-06-03T12:07:59","guid":{"rendered":"https:\/\/fematel.com\/web\/?p=5750"},"modified":"2025-06-03T14:17:08","modified_gmt":"2025-06-03T12:17:08","slug":"fematel-confirma-su-asistencia-a-matelec-un-ano-mas","status":"publish","type":"post","link":"https:\/\/fematel.com\/web\/fematel-confirma-su-asistencia-a-matelec-un-ano-mas\/","title":{"rendered":"Fematel confirma su asistencia a Matelec un a\u00f1o m\u00e1s"},"content":{"rendered":"<p><strong>Fematel asistir\u00e1 un a\u00f1o m\u00e1s a Matelec para seguir conectando con el sector el\u00e9ctrico<\/strong><\/p>\n<p>Fematel, empresa referente en la distribuci\u00f3n de material el\u00e9ctrico a nivel nacional, confirma su asistencia a la pr\u00f3xima edici\u00f3n de <em>Matelec<\/em>, el Sal\u00f3n Internacional de Soluciones para la Industria El\u00e9ctrica y Electr\u00f3nica, que se celebrar\u00e1 del 5 al 8 de noviembre de 2025 en IFEMA Madrid.<\/p>\n<p>En esta ocasi\u00f3n, Fematel no contar\u00e1 con stand propio, pero acudir\u00e1 como visitante profesional para seguir reforzando su presencia en el sector, conocer de primera mano las \u00faltimas innovaciones del mercado y mantener un contacto directo con fabricantes, distribuidores, clientes y colaboradores estrat\u00e9gicos.<\/p>\n<p>La asistencia a Matelec se enmarca dentro del compromiso de Fematel con la mejora continua, la innovaci\u00f3n y la actualizaci\u00f3n constante en soluciones t\u00e9cnicas, comerciales y log\u00edsticas para seguir ofreciendo el mejor servicio a sus clientes.<\/p>\n<p>Matelec se consolida como una cita imprescindible para todos los actores del sector el\u00e9ctrico, y la participaci\u00f3n activa de Fematel en el evento refleja su voluntad de seguir siendo un agente din\u00e1mico, informado y cercano a las necesidades reales del instalador profesional.<\/p>\n<p>Un a\u00f1o m\u00e1s, Fematel estar\u00e1 presente donde se definen las tendencias del sector. Nos vemos en Matelec 2025.<\/p>\n","protected":false},"excerpt":{"rendered":"<p>Fematel asistir\u00e1 un a\u00f1o m\u00e1s a Matelec para seguir conectando con el sector el\u00e9ctrico Fematel, empresa referente en la distribuci\u00f3n de material el\u00e9ctrico a nivel nacional, confirma su asistencia a la pr\u00f3xima edici\u00f3n de Matelec, el Sal\u00f3n Internacional de Soluciones para la Industria El\u00e9ctrica y&#8230;<\/p>\n","protected":false},"author":1,"featured_media":5755,"comment_status":"closed","ping_status":"closed","sticky":false,"template":"","format":"standard","meta":{"_acf_changed":false,"footnotes":""},"categories":[120],"tags":[],"class_list":["post-5750","post","type-post","status-publish","format-standard","has-post-thumbnail","hentry","category-noticias-fematel"],"acf":[],"_links":{"self":[{"href":"https:\/\/fematel.com\/web\/wp-json\/wp\/v2\/posts\/5750","targetHints":{"allow":["GET"]}}],"collection":[{"href":"https:\/\/fematel.com\/web\/wp-json\/wp\/v2\/posts"}],"about":[{"href":"https:\/\/fematel.com\/web\/wp-json\/wp\/v2\/types\/post"}],"author":[{"embeddable":true,"href":"https:\/\/fematel.com\/web\/wp-json\/wp\/v2\/users\/1"}],"replies":[{"embeddable":true,"href":"https:\/\/fematel.com\/web\/wp-json\/wp\/v2\/comments?post=5750"}],"version-history":[{"count":5,"href":"https:\/\/fematel.com\/web\/wp-json\/wp\/v2\/posts\/5750\/revisions"}],"predecessor-version":[{"id":5760,"href":"https:\/\/fematel.com\/web\/wp-json\/wp\/v2\/posts\/5750\/revisions\/5760"}],"wp:featuredmedia":[{"embeddable":true,"href":"https:\/\/fematel.com\/web\/wp-json\/wp\/v2\/media\/5755"}],"wp:attachment":[{"href":"https:\/\/fematel.com\/web\/wp-json\/wp\/v2\/media?parent=5750"}],"wp:term":[{"taxonomy":"category","embeddable":true,"href":"https:\/\/fematel.com\/web\/wp-json\/wp\/v2\/categories?post=5750"},{"taxonomy":"post_tag","embeddable":true,"href":"https:\/\/fematel.com\/web\/wp-json\/wp\/v2\/tags?post=5750"}],"curies":[{"name":"wp","href":"https:\/\/api.w.org\/{rel}","templated":true}]}}