{"id":5626,"date":"2025-04-13T11:17:56","date_gmt":"2025-04-13T09:17:56","guid":{"rendered":"https:\/\/fematel.com\/web\/?p=5626"},"modified":"2025-04-13T11:17:56","modified_gmt":"2025-04-13T09:17:56","slug":"primaveraideal-para-reformas-electricas","status":"publish","type":"post","link":"https:\/\/fematel.com\/web\/primaveraideal-para-reformas-electricas\/","title":{"rendered":"Primavera,ideal para reformas el\u00e9ctricas"},"content":{"rendered":"<div class=\"\" data-block=\"true\" data-editor=\"9r9su\" data-offset-key=\"3tigh-0-0\">\n<div class=\"_1mf _1mj\" data-offset-key=\"3tigh-0-0\"><span data-offset-key=\"3tigh-0-0\">Primavera es la \u00e9poca ideal para hacer reformas el\u00e9ctricas por su buen clima, que en verano hay m\u00e1s personas contratando estos servicios y aprovechando que se suelen contratar otras reformas generales en casa en que se pueden requerir nuestros productos. Si necesitas material el\u00e9ctrico en tu reforma, puedes contar con nosotros. Todo <a href=\"https:\/\/fematel.com\/web\/\">en nuestra web<\/a>.<\/span><\/div>\n<\/div>\n<div class=\"\" data-block=\"true\" data-editor=\"9r9su\" data-offset-key=\"fc0hv-0-0\">\n<div class=\"_1mf _1mj\" data-offset-key=\"fc0hv-0-0\"><\/div>\n<div data-offset-key=\"fc0hv-0-0\"><img loading=\"lazy\" decoding=\"async\" class=\"size-medium wp-image-5627 aligncenter\" src=\"https:\/\/fematel.com\/web\/wp-content\/uploads\/primavera-fematel-300x169.jpg\" alt=\"primavera fematel\" width=\"300\" height=\"169\" srcset=\"https:\/\/fematel.com\/web\/wp-content\/uploads\/primavera-fematel-300x169.jpg 300w, https:\/\/fematel.com\/web\/wp-content\/uploads\/primavera-fematel-1030x579.jpg 1030w, https:\/\/fematel.com\/web\/wp-content\/uploads\/primavera-fematel-768x432.jpg 768w, https:\/\/fematel.com\/web\/wp-content\/uploads\/primavera-fematel-64x36.jpg 64w, https:\/\/fematel.com\/web\/wp-content\/uploads\/primavera-fematel-1200x675.jpg 1200w, https:\/\/fematel.com\/web\/wp-content\/uploads\/primavera-fematel.jpg 1280w\" sizes=\"auto, (max-width: 300px) 100vw, 300px\" \/><\/div>\n<\/div>\n","protected":false},"excerpt":{"rendered":"<p>Primavera es la \u00e9poca ideal para hacer reformas el\u00e9ctricas por su buen clima, que en verano hay m\u00e1s personas contratando estos servicios y aprovechando que se suelen contratar otras reformas generales en casa en que se pueden requerir nuestros productos. Si necesitas material el\u00e9ctrico en&#8230;<\/p>\n","protected":false},"author":5,"featured_media":0,"comment_status":"closed","ping_status":"closed","sticky":false,"template":"","format":"standard","meta":{"_acf_changed":false,"footnotes":""},"categories":[120],"tags":[],"class_list":["post-5626","post","type-post","status-publish","format-standard","hentry","category-noticias-fematel"],"acf":[],"_links":{"self":[{"href":"https:\/\/fematel.com\/web\/wp-json\/wp\/v2\/posts\/5626","targetHints":{"allow":["GET"]}}],"collection":[{"href":"https:\/\/fematel.com\/web\/wp-json\/wp\/v2\/posts"}],"about":[{"href":"https:\/\/fematel.com\/web\/wp-json\/wp\/v2\/types\/post"}],"author":[{"embeddable":true,"href":"https:\/\/fematel.com\/web\/wp-json\/wp\/v2\/users\/5"}],"replies":[{"embeddable":true,"href":"https:\/\/fematel.com\/web\/wp-json\/wp\/v2\/comments?post=5626"}],"version-history":[{"count":3,"href":"https:\/\/fematel.com\/web\/wp-json\/wp\/v2\/posts\/5626\/revisions"}],"predecessor-version":[{"id":5630,"href":"https:\/\/fematel.com\/web\/wp-json\/wp\/v2\/posts\/5626\/revisions\/5630"}],"wp:attachment":[{"href":"https:\/\/fematel.com\/web\/wp-json\/wp\/v2\/media?parent=5626"}],"wp:term":[{"taxonomy":"category","embeddable":true,"href":"https:\/\/fematel.com\/web\/wp-json\/wp\/v2\/categories?post=5626"},{"taxonomy":"post_tag","embeddable":true,"href":"https:\/\/fematel.com\/web\/wp-json\/wp\/v2\/tags?post=5626"}],"curies":[{"name":"wp","href":"https:\/\/api.w.org\/{rel}","templated":true}]}}