{"id":5617,"date":"2025-03-30T11:30:25","date_gmt":"2025-03-30T09:30:25","guid":{"rendered":"https:\/\/fematel.com\/web\/?p=5617"},"modified":"2025-03-30T11:30:25","modified_gmt":"2025-03-30T09:30:25","slug":"cambio-de-hora-de-primavera-2025","status":"publish","type":"post","link":"https:\/\/fematel.com\/web\/cambio-de-hora-de-primavera-2025\/","title":{"rendered":"Cambio de hora de primavera 2025"},"content":{"rendered":"<p><span data-offset-key=\"292kp-0-0\">Esta noche se ha adelantado una hora el reloj para el horario de verano, por lo que nos despertamos con la sensaci\u00f3n de haber perdido una hora. Este cambio de hora en Espa\u00f1a se hace para aprovechar la luz natural, ahorrar energ\u00eda y coordinarnos con los dem\u00e1s pa\u00edses de la UE que hacen este mismo cambio. \u00bfHas notado c\u00f3mo afecta esto a la tarifa de la luz estos a\u00f1os, crees que se ahorra energ\u00eda? <\/span><span class=\"_5zk7\" spellcheck=\"false\" data-offset-key=\"292kp-1-0\"><span data-offset-key=\"292kp-1-0\">#cambiohorario<\/span><\/span> <span class=\"_5zk7\" spellcheck=\"false\" data-offset-key=\"292kp-3-0\"><span data-offset-key=\"292kp-3-0\">#cambiohora<\/span><\/span> <span class=\"_5zk7\" spellcheck=\"false\" data-offset-key=\"292kp-5-0\"><span data-offset-key=\"292kp-5-0\">#unahoramenos<\/span><\/span><\/p>\n<p><img loading=\"lazy\" decoding=\"async\" class=\"alignnone size-medium wp-image-5618 aligncenter\" src=\"https:\/\/fematel.com\/web\/wp-content\/uploads\/muchos-relojes-300x169.jpg\" alt=\"muchos relojes\" width=\"300\" height=\"169\" srcset=\"https:\/\/fematel.com\/web\/wp-content\/uploads\/muchos-relojes-300x169.jpg 300w, https:\/\/fematel.com\/web\/wp-content\/uploads\/muchos-relojes-1030x579.jpg 1030w, https:\/\/fematel.com\/web\/wp-content\/uploads\/muchos-relojes-768x432.jpg 768w, https:\/\/fematel.com\/web\/wp-content\/uploads\/muchos-relojes-64x36.jpg 64w, https:\/\/fematel.com\/web\/wp-content\/uploads\/muchos-relojes-1200x675.jpg 1200w, https:\/\/fematel.com\/web\/wp-content\/uploads\/muchos-relojes.jpg 1280w\" sizes=\"auto, (max-width: 300px) 100vw, 300px\" \/><\/p>\n","protected":false},"excerpt":{"rendered":"<p>Esta noche se ha adelantado una hora el reloj para el horario de verano, por lo que nos despertamos con la sensaci\u00f3n de haber perdido una hora. Este cambio de hora en Espa\u00f1a se hace para aprovechar la luz natural, ahorrar energ\u00eda y coordinarnos con&#8230;<\/p>\n","protected":false},"author":5,"featured_media":0,"comment_status":"closed","ping_status":"closed","sticky":false,"template":"","format":"standard","meta":{"_acf_changed":false,"footnotes":""},"categories":[120],"tags":[],"class_list":["post-5617","post","type-post","status-publish","format-standard","hentry","category-noticias-fematel"],"acf":[],"_links":{"self":[{"href":"https:\/\/fematel.com\/web\/wp-json\/wp\/v2\/posts\/5617","targetHints":{"allow":["GET"]}}],"collection":[{"href":"https:\/\/fematel.com\/web\/wp-json\/wp\/v2\/posts"}],"about":[{"href":"https:\/\/fematel.com\/web\/wp-json\/wp\/v2\/types\/post"}],"author":[{"embeddable":true,"href":"https:\/\/fematel.com\/web\/wp-json\/wp\/v2\/users\/5"}],"replies":[{"embeddable":true,"href":"https:\/\/fematel.com\/web\/wp-json\/wp\/v2\/comments?post=5617"}],"version-history":[{"count":2,"href":"https:\/\/fematel.com\/web\/wp-json\/wp\/v2\/posts\/5617\/revisions"}],"predecessor-version":[{"id":5620,"href":"https:\/\/fematel.com\/web\/wp-json\/wp\/v2\/posts\/5617\/revisions\/5620"}],"wp:attachment":[{"href":"https:\/\/fematel.com\/web\/wp-json\/wp\/v2\/media?parent=5617"}],"wp:term":[{"taxonomy":"category","embeddable":true,"href":"https:\/\/fematel.com\/web\/wp-json\/wp\/v2\/categories?post=5617"},{"taxonomy":"post_tag","embeddable":true,"href":"https:\/\/fematel.com\/web\/wp-json\/wp\/v2\/tags?post=5617"}],"curies":[{"name":"wp","href":"https:\/\/api.w.org\/{rel}","templated":true}]}}